{"id":2523,"date":"2024-07-19T16:35:40","date_gmt":"2024-07-19T13:35:40","guid":{"rendered":"https:\/\/turkey-cares.local\/blog\/hairline-in-hair-transplantation\/"},"modified":"2024-08-13T17:22:38","modified_gmt":"2024-08-13T14:22:38","slug":"sac-ekiminde-sac-cizgisi","status":"publish","type":"post","link":"https:\/\/trkycares.com\/tr\/blog\/sac-ekiminde-sac-cizgisi\/","title":{"rendered":"Sa\u00e7 Ekimi\u2019nde Sa\u00e7 \u00c7izgisi"},"content":{"rendered":"<p>Ba\u015far\u0131l\u0131 bir sa\u00e7 ekimi planlamas\u0131nda ana kriter, operasyon sonras\u0131nda hem sa\u011fl\u0131kl\u0131 hem de do\u011fal sa\u00e7lara sahip olmay\u0131 m\u00fcmk\u00fcn k\u0131lmakt\u0131r. Sa\u00e7 ekimi uygulamalar\u0131n\u0131n do\u011fal bir sonu\u00e7 verebilmesi, sa\u00e7 \u00e7izgisinin bireysel olarak planlanmas\u0131n\u0131 gerektirir. \u00d6n sa\u00e7 \u00e7izgisi, sa\u00e7 ekiminin en do\u011fal g\u00f6r\u00fcn\u00fcm\u00fcn\u00fc destekleyen en \u00f6nemli unsurlardan biridir. Standart bir \u00e7izgi olu\u015fturup sa\u00e7 ekimi talep eden herkese uygulamak m\u00fcmk\u00fcn de\u011fildir. Ki\u015filerin y\u00fcz \u015fekline en uygun sa\u00e7 \u00e7izgisinin belirlenmesi, profesyonel \u00f6l\u00e7\u00fcmlerle yap\u0131l\u0131r.<\/p>\n<h2>Sa\u00e7 \u00c7izgisi Nedir?<\/h2>\n<p>Sa\u00e7 \u00e7izgisi; bireylerin fiziksel \u00f6zelliklerine, ya\u015f\u0131na ve cinsiyetine g\u00f6re de\u011fi\u015fiklik g\u00f6steren ve ba\u015f\u0131n \u00fczerindeki sa\u00e7lar\u0131n kaplad\u0131\u011f\u0131 alan\u0131n \u00e7er\u00e7evesini ortaya koyan bir s\u0131n\u0131rd\u0131r. Sa\u00e7 \u00e7izgisi s\u0131n\u0131r\u0131, yo\u011fun sa\u00e7 d\u00f6k\u00fclmesi nedeniyle gerileyebilir. Y\u00fcz hatlar\u0131n\u0131n ifadesini de\u011fi\u015ftiren bu s\u0131n\u0131r, sa\u00e7 \u00e7izgisi ilerletme i\u015flemleri ile ki\u015filerin beklentilerine ve taleplerine uygun \u015fekilde ayarlanabilir. Kad\u0131nlar\u0131n ve erkeklerin sa\u00e7 \u00e7izgisi uygulamalarda farkl\u0131l\u0131k g\u00f6sterir. Ki\u015finin y\u00fcz hatlar\u0131na en uygun sa\u00e7 \u00e7izgisi s\u0131n\u0131r\u0131, \u00f6zel \u00f6l\u00e7\u00fcmlerle kolayca belirlenir.<\/p>\n<h2>\u00d6n Sa\u00e7 \u00c7izgisi<\/h2>\n<p>Literat\u00fcrde frontal al\u0131n \u00e7izgisi olarak da bilinen bu \u00e7izgi, sa\u00e7lar\u0131n ba\u015f \u00fczerinde son buldu\u011fu noktay\u0131 i\u015faret eder. \u00d6n s\u0131n\u0131r \u00e7izgileri ya\u015f gruplar\u0131na, cinsiyetlere ve bireylere g\u00f6re de\u011fi\u015fir. Bu \u00e7izginin s\u0131n\u0131r\u0131, bireylerin daha gen\u00e7 ve daha iyi g\u00f6r\u00fcnmelerini destekler. Sa\u00e7 d\u00f6k\u00fclmesi sorunu ya\u015fayan ki\u015filerin \u00f6n \u00e7izgilerinin s\u0131n\u0131r\u0131 de\u011fi\u015fir. Sa\u00e7 ekimi uygulamalar\u0131, ki\u015finin beklentilerine ve ihtiya\u00e7lar\u0131na en uygun \u015fekilde d\u00fczenlemeler yapmay\u0131 m\u00fcmk\u00fcn k\u0131lar. Y\u00fcz ifadesini, bak\u0131\u015f\u0131 ve hatta ki\u015finin ya\u015f\u0131n\u0131 \u00f6nemli \u00f6l\u00e7\u00fcde de\u011fi\u015ftiren \u00f6n \u00e7izgi, uygulama sonras\u0131nda en ideal noktada ba\u015flar.<\/p>\n<h2>Yan Sa\u00e7 \u00c7izgisi<\/h2>\n<p>Ba\u015f\u0131n temporal b\u00f6lgesinde, \u00f6n sa\u00e7tan favorilere kadar uzanan alan yan sa\u00e7 \u00e7izgisi olarak tan\u0131mlan\u0131r ve bu yan \u00e7izgi \u00f6zellikle erkeklerde \u00f6zel bir \u00f6neme sahiptir. Sa\u00e7lar\u0131n\u0131 yanlardan ay\u0131rmay\u0131 tercih eden ki\u015filer i\u00e7in sa\u00e7 ekimi operasyonlar\u0131 \u00f6ncesinde bu do\u011frultuda \u00f6l\u00e7\u00fcmler yap\u0131l\u0131r. \u00d6n ve yan sa\u00e7 \u00e7izgileri, operasyon yap\u0131lacak alan\u0131n tamam\u0131n\u0131 temsil eder. Uygun \u015fekilde ger\u00e7ekle\u015ftirilen \u00e7izgi tasar\u0131mlar\u0131, sa\u00e7 k\u00f6klerinin o y\u00f6nde b\u00fcy\u00fcmesini destekler.<\/p>\n<h2>Sa\u00e7 \u00c7izgisinin Geri \u00c7ekilmesi<\/h2>\n<p>Sa\u00e7 d\u00f6k\u00fclmesinin en belirgin g\u00f6stergesi sa\u00e7 \u00e7izgisinin geri \u00e7ekilmesi olarak ifade edilir. Geri \u00e7ekilme s\u00fcreleri bireylerin fiziksel \u00f6zelliklerine, ya\u015f\u0131na ve cinsiyetine g\u00f6re de\u011fi\u015fir. B\u00f6lgesel geri \u00e7ekilme durumuna g\u00f6re gerekli \u00f6l\u00e7\u00fcmler yap\u0131larak sa\u00e7 ekimi operasyonlar\u0131 ger\u00e7ekle\u015ftirilir. Operasyonun ana hedefleri aras\u0131nda geri \u00e7ekilen b\u00f6lgenin doldurulmas\u0131 yer al\u0131r. Bu uygulama, y\u00fcz ifadesini olumlu y\u00f6nde de\u011fi\u015ftirir ve ki\u015filerin daha gen\u00e7 g\u00f6r\u00fcnmesini sa\u011flar.<\/p>\n<h2>Sa\u00e7 \u00c7izgisi Tasar\u0131m\u0131 Nas\u0131l Olmal\u0131d\u0131r?<\/h2>\n<p>Sa\u00e7 ekimi operasyonlar\u0131n\u0131n ba\u015far\u0131s\u0131n\u0131 belirleyen fakt\u00f6rler aras\u0131nda tasar\u0131m s\u00fcreci \u00f6ncelikli olarak yer al\u0131r. \u00d6zellikle al\u0131n b\u00f6lgesindeki s\u0131n\u0131r\u0131n ki\u015finin y\u00fcz hatlar\u0131na uygun olarak tasarlanmas\u0131, sonucun daha tatmin edici olmas\u0131n\u0131 sa\u011flar. Sa\u00e7 ekimi uygulamalar\u0131nda t\u00fcm i\u015flemler do\u011fru bir \u015fekilde ger\u00e7ekle\u015ftirilse bile, ideal tasar\u0131m olu\u015fturulmad\u0131\u011f\u0131 takdirde beklentiyi kar\u015f\u0131lamak m\u00fcmk\u00fcn de\u011fildir. Estetik bir g\u00f6r\u00fcn\u00fcm, sa\u011fl\u0131kl\u0131 ve do\u011fal sa\u00e7lar i\u00e7in tasar\u0131m s\u00fcrecine \u00f6zel \u00f6nem verilmelidir.<\/p>\n<h2>Do\u011fal Sa\u00e7 \u00c7izgisi Tasar\u0131m\u0131 Nas\u0131l Yap\u0131l\u0131r?<\/h2>\n<div class=\"flex max-w-full flex-col flex-grow\">\n<div class=\"min-h-[20px] text-message flex w-full flex-col items-end gap-2 whitespace-pre-wrap break-words [.text-message+&amp;]:mt-5 overflow-x-auto\" dir=\"auto\" data-message-author-role=\"assistant\" data-message-id=\"6707c7fe-2285-40ba-a922-c9cbb3a8abb3\">\n<div class=\"flex w-full flex-col gap-1 empty:hidden first:pt-[3px]\">\n<div class=\"markdown prose w-full break-words dark:prose-invert light\">\n<p>Sa\u00e7 \u00e7izgisinin \u00f6n \u00e7izgi s\u0131n\u0131r\u0131n\u0131n merkezinden FTA olarak adland\u0131r\u0131lan temporal a\u00e7\u0131lara do\u011fru belirlenen \u00e7izgiler, en do\u011fal sa\u00e7 \u00e7izgisi tasar\u0131m\u0131n\u0131 olu\u015fturur. Sa\u00e7 s\u0131n\u0131rlar\u0131 hi\u00e7bir zaman a\u015fa\u011f\u0131 do\u011fru e\u011fimli bir \u015fekilde olu\u015fturulmamal\u0131d\u0131r. Ancak bu durum, kad\u0131nlar\u0131n sa\u00e7 ekimi uygulamalar\u0131nda de\u011fi\u015fiklik g\u00f6sterebilir. Kad\u0131nlar\u0131n do\u011fal sa\u00e7 \u00e7izgilerini olu\u015fturmak i\u00e7in farkl\u0131 dinamiklere ihtiya\u00e7 vard\u0131r. Sa\u00e7 d\u00f6k\u00fclmesinin yo\u011funlu\u011funa g\u00f6re de\u011fi\u015fen dinamikler, temporal \u00e7izginin ideal \u015fekilde olu\u015fturulmas\u0131yla do\u011fal formunu al\u0131r. Gelecekte meydana gelebilecek sa\u00e7 d\u00f6k\u00fclmesi riskleri g\u00f6z \u00f6n\u00fcnde bulundurularak yap\u0131lan tasar\u0131mlar, sonucun hem do\u011fal hem de uzun vadede i\u015flevsel olmas\u0131n\u0131 sa\u011flar.<\/p>\n<\/div>\n<\/div>\n<\/div>\n<\/div>\n<p><img loading=\"lazy\" decoding=\"async\" class=\" wp-image-640 aligncenter\" src=\"https:\/\/trkycares.com\/wp-content\/uploads\/2024\/07\/Sac-Cizgisi-Olcumleri-Nasil-Yapilir.jpg\" alt=\"\" width=\"833\" height=\"552\" srcset=\"https:\/\/trkycares.com\/wp-content\/uploads\/2024\/07\/Sac-Cizgisi-Olcumleri-Nasil-Yapilir.jpg 460w, https:\/\/trkycares.com\/wp-content\/uploads\/2024\/07\/Sac-Cizgisi-Olcumleri-Nasil-Yapilir-300x199.jpg 300w\" sizes=\"auto, (max-width: 833px) 100vw, 833px\" \/><\/p>\n<p>&nbsp;<\/p>\n<h2>Sa\u00e7 \u00c7izgisi \u00d6l\u00e7\u00fcmleri Nas\u0131l Yap\u0131l\u0131r?<\/h2>\n<p>En do\u011fal, sa\u011fl\u0131kl\u0131 ve ki\u015finin beklentilerini kar\u015f\u0131layan sa\u00e7 \u00e7izgisi \u00f6l\u00e7\u00fcmleri, a\u015fa\u011f\u0131daki noktalara dayal\u0131 olarak yap\u0131l\u0131r. Bunlar \u015funlard\u0131r:<\/p>\n<ul>\n<li>MFP (Orta Frontal Nokta): Sa\u00e7 \u00e7izgilerinin sa\u011f ve sol y\u00f6nlerde orta noktada birle\u015fti\u011fi aland\u0131r.<\/li>\n<li>FTA (Frontal Temporal A\u00e7\u0131): Sa\u00e7\u0131n frontal \u00e7izgi s\u0131n\u0131r\u0131 ile favori b\u00f6lgeleri aras\u0131ndaki birle\u015fme alan\u0131d\u0131r.<\/li>\n<li>MPP (Orta Pupiller Nokta): Bireylerin g\u00f6zbebeklerinden dikey olarak ilerleyen \u00e7izginin \u00f6n sa\u00e7 s\u0131n\u0131r\u0131 ile bulu\u015ftu\u011fu orta aland\u0131r. Bu \u00f6l\u00e7\u00fcm dinamikleri ki\u015fiye g\u00f6re de\u011fi\u015fiklik g\u00f6stermekle birlikte, \u00f6l\u00e7\u00fcmler buna g\u00f6re yap\u0131l\u0131r.<\/li>\n<\/ul>\n<h2>Sa\u00e7 \u00c7izgisi Lazer Epilasyonu<\/h2>\n<p>Bireylerin y\u00fcz ifadelerini belirleyen en kritik noktalardan biri sa\u00e7 \u00e7izgilerinin s\u0131n\u0131rlar\u0131d\u0131r. Al\u0131n b\u00f6lgesini yo\u011fun bir \u015fekilde kaplayan sa\u00e7 \u00e7izgilerinin s\u0131n\u0131rlar\u0131, sa\u00e7 \u00e7izgisi lazer epilasyon i\u015flemleri ile en ideal duruma d\u00f6n\u00fc\u015ft\u00fcr\u00fcl\u00fcr. Erkekler ve kad\u0131nlar i\u00e7in uygulanabilen lazer epilasyon \u00e7\u00f6z\u00fcmleri, yeni bir y\u00fcz ifadesi elde etmenin bir yolunu sunar. Sa\u00e7 \u00e7izgilerinin ki\u015fiye \u00f6zel \u00f6l\u00e7\u00fcmlerle tasarlanan s\u0131n\u0131rlar\u0131, fazlal\u0131klar\u0131n lazer epilasyon ile al\u0131nmas\u0131yla kolayca de\u011fi\u015ftirilir. Sa\u00e7 \u00e7izgilerinin lazer epilasyon uygulamalar\u0131yla yenilenmesi, insanlar\u0131n y\u00fcz ifadelerine do\u011fal ve g\u00fczel bir g\u00f6r\u00fcn\u00fcm kazand\u0131r\u0131r.<\/p>\n<p>Turkey Cares sa\u00e7 operasyonlar\u0131, sa\u00e7, sakal ve ka\u015f ekimini i\u00e7erir. Hizmetlerimiz ve ki\u015fiye \u00f6zel \u00e7\u00f6z\u00fcmler hakk\u0131nda detayl\u0131 bilgi almak i\u00e7in bizimle buradan ileti\u015fime ge\u00e7ebilirsiniz.<\/p>\n","protected":false},"excerpt":{"rendered":"<p>Sa\u00e7 ekiminin ba\u015far\u0131l\u0131 olmas\u0131 i\u00e7in planlanan ana kriter, operasyon sonras\u0131nda hem sa\u011fl\u0131kl\u0131 hem de do\u011fal sa\u00e7lara sahip olmay\u0131 m\u00fcmk\u00fcn k\u0131lmakt\u0131r. Sa\u00e7 ekimi uygulamalar\u0131n\u0131n do\u011fal bir sonu\u00e7 verebilmesi i\u00e7in sa\u00e7 \u00e7izgisi \u00f6l\u00e7\u00fcmlerinin bireysel olarak planlanmas\u0131 gerekmektedir. \u00d6n sa\u00e7 \u00e7izgisi, sa\u00e7 ekiminin en do\u011fal g\u00f6r\u00fcn\u00fcm\u00fcn\u00fc destekleyen unsurlar aras\u0131ndad\u0131r. Standart bir \u00e7izgi olu\u015fturup sa\u00e7 ekimi talep eden herkese uygulamak m\u00fcmk\u00fcn de\u011fildir. Ki\u015filerin y\u00fcz \u015fekline en uygun sa\u00e7 \u00e7izgisinin belirlenmesi, profesyonel \u00f6l\u00e7\u00fcmlerle yap\u0131l\u0131r. Sa\u00e7 \u00c7izgisi Nedir? Sa\u00e7 \u00e7izgisi, bireylerin fiziksel \u00f6zelliklerine, ya\u015f\u0131na ve cinsiyetine g\u00f6re de\u011fi\u015fiklik g\u00f6steren, ba\u015f b\u00f6lgesinde sa\u00e7lar\u0131n kaplad\u0131\u011f\u0131 aland\u0131r.<\/p>\n","protected":false},"author":3,"featured_media":1548,"comment_status":"open","ping_status":"open","sticky":false,"template":"","format":"standard","meta":{"_acf_changed":false,"footnotes":""},"categories":[5],"tags":[],"class_list":["post-2523","post","type-post","status-publish","format-standard","has-post-thumbnail","hentry","category-blog"],"acf":[],"_links":{"self":[{"href":"https:\/\/trkycares.com\/tr\/wp-json\/wp\/v2\/posts\/2523","targetHints":{"allow":["GET"]}}],"collection":[{"href":"https:\/\/trkycares.com\/tr\/wp-json\/wp\/v2\/posts"}],"about":[{"href":"https:\/\/trkycares.com\/tr\/wp-json\/wp\/v2\/types\/post"}],"author":[{"embeddable":true,"href":"https:\/\/trkycares.com\/tr\/wp-json\/wp\/v2\/users\/3"}],"replies":[{"embeddable":true,"href":"https:\/\/trkycares.com\/tr\/wp-json\/wp\/v2\/comments?post=2523"}],"version-history":[{"count":0,"href":"https:\/\/trkycares.com\/tr\/wp-json\/wp\/v2\/posts\/2523\/revisions"}],"wp:featuredmedia":[{"embeddable":true,"href":"https:\/\/trkycares.com\/tr\/wp-json\/wp\/v2\/media\/1548"}],"wp:attachment":[{"href":"https:\/\/trkycares.com\/tr\/wp-json\/wp\/v2\/media?parent=2523"}],"wp:term":[{"taxonomy":"category","embeddable":true,"href":"https:\/\/trkycares.com\/tr\/wp-json\/wp\/v2\/categories?post=2523"},{"taxonomy":"post_tag","embeddable":true,"href":"https:\/\/trkycares.com\/tr\/wp-json\/wp\/v2\/tags?post=2523"}],"curies":[{"name":"wp","href":"https:\/\/api.w.org\/{rel}","templated":true}]}}